{"id":1321,"date":"2015-08-19T18:25:05","date_gmt":"2015-08-19T18:25:05","guid":{"rendered":"\/?p=1321"},"modified":"2015-08-19T18:25:05","modified_gmt":"2015-08-19T18:25:05","slug":"kizarolagos-es-szelektiv-forgalmazasi-szerzodesek-versenyjogi-kerdojelekkel","status":"publish","type":"post","link":"http:\/\/drsobor.hu\/hu\/kizarolagos-es-szelektiv-forgalmazasi-szerzodesek-versenyjogi-kerdojelekkel\/","title":{"rendered":"Kiz\u00e1r\u00f3lagos \u00e9s szelekt\u00edv forgalmaz\u00e1si szerz\u0151d\u00e9sek versenyjogi k\u00e9rd\u0151jelekkel"},"content":{"rendered":"<p>A vil\u00e1gkereskedelem \u00e1rbev\u00e9tel\u00e9nek jelent\u0151s r\u00e9sze k\u00f6zvet\u00edt\u0151i t\u00edpus\u00fa szerz\u0151d\u00e9sekb\u0151l (forgalmaz\u00e1si szerz\u0151d\u00e9s, kereskedelmi \u00fcgyn\u00f6ki szerz\u0151d\u00e9s, bizom\u00e1nyi szerz\u0151d\u00e9s stb.) sz\u00e1rmazik. Ezek k\u00f6z\u00fcl a forgalmaz\u00e1si (disztrib\u00faci\u00f3s) szerz\u0151d\u00e9s el\u0151k\u00e9sz\u00edt\u00e9se ig\u00e9nyli a legnagyobb k\u00f6r\u00fcltekint\u00e9st. Ez a szerz\u0151d\u00e9st\u00edpus a sz\u00e1ll\u00edt\u00f3 (gy\u00e1rt\u00f3) \u00e9s egy vagy t\u00f6bb forgalmaz\u00f3 (disztrib\u00fator) k\u00f6z\u00f6tt szab\u00e1lyozza \u00e1ruk \u00e9s szolg\u00e1ltat\u00e1sok k\u00f6zvet\u00edt\u00e9s\u00e9t. A szerz\u0151d\u00e9sk\u00f6t\u00e9s indoka, hogy ennek r\u00e9v\u00e9n a jellemz\u0151en multinacion\u00e1lis sz\u00e1ll\u00edt\u00f3 k\u00fcl\u00f6n befektet\u00e9s n\u00e9lk\u00fcl t\u0151le f\u00fcggetlen, jellemz\u0151en jobb helyismerettel rendelkez\u0151 helyi szerepl\u0151kre tudja b\u00edzni term\u00e9keinek vagy szolg\u00e1ltat\u00e1sainak adott orsz\u00e1gban val\u00f3 forgalmaz\u00e1s\u00e1t.<\/p>\n<p>A disztrib\u00faci\u00f3s szerz\u0151d\u00e9s gyakran komplex forgalmaz\u00e1si rendszert is megteremt, mely az \u00e9rt\u00e9kes\u00edt\u00e9si l\u00e1ncolat kialak\u00edt\u00f3j\u00e1nak d\u00f6nt\u00e9s\u00e9t\u0151l f\u00fcgg\u0151en szabad, szelekt\u00edv vagy kiz\u00e1r\u00f3lagos form\u00e1t \u00f6lthet. Teljesen szabad rendszer eset\u00e9n a sz\u00e1ll\u00edt\u00f3 b\u00e1rkit kiszolg\u00e1l, aki viszontelad\u00f3k\u00e9nt k\u00edv\u00e1nja \u00e9rt\u00e9kes\u00edteni a term\u00e9keit. Ennek ellent\u00e9te, ha a szerz\u0151d\u0151 felek kik\u00f6tik, hogy kiz\u00e1r\u00f3lagos forgalmaz\u00e1si rendszerben dolgoznak egy\u00fctt, vagyis egy adott f\u00f6ldrajzi ter\u00fcleten csak egy forgalmaz\u00f3 szerepelhet. A sz\u00e1ll\u00edt\u00f3 ezzel azt v\u00e1llalja, hogy m\u00e1s forgalmaz\u00f3val nem k\u00f6t szerz\u0151d\u00e9st, illetve saj\u00e1t maga sem \u00e9rt\u00e9kes\u00edt.<\/p>\n<p>A k\u00e9t v\u00e9glet k\u00f6z\u00f6tt helyezkedik el a szelekt\u00edv disztrib\u00faci\u00f3s rendszer. Ebben az esetben is korl\u00e1tozott a forgalmaz\u00f3k sz\u00e1ma, de a sz\u00e1ll\u00edt\u00f3 mennyis\u00e9gi \u00e9s min\u0151s\u00e9gi krit\u00e9riumokat \u00edrhat el\u0151 a forgalmaz\u00f3k sz\u00e1m\u00e1ra, mint p\u00e9ld\u00e1ul: a szem\u00e9lyzet megfelel\u0151 kik\u00e9pz\u00e9se, a term\u00e9k marketingj\u00e9nek megfelel\u0151 sz\u00ednvonalat t\u00fckr\u00f6z\u0151 \u00fczlet vagy bemutat\u00f3terem m\u0171k\u00f6dtet\u00e9se, szerviz biztos\u00edt\u00e1sa, el\u0151\u00edrt minim\u00e1lis mennyis\u00e9g beszerz\u00e9se (<em>minimum purchase quantity<\/em>) stb. Szelekt\u00edv disztrib\u00faci\u00f3s rendszerben egy adott ter\u00fcleten t\u00f6bb forgalmaz\u00f3 is kiszolg\u00e1lhatja a vev\u0151ket, \u00e1m csak olyanok, akik mindenben megfelelnek a sz\u00e1ll\u00edt\u00f3 \u00e1ltal el\u0151\u00edrt krit\u00e9riumoknak (<em>selection criteria<\/em>).<\/p>\n<p>Kiz\u00e1r\u00f3lagos vagy szelekt\u00edv disztrib\u00faci\u00f3s rendszer kialak\u00edt\u00e1sa eset\u00e9n ugyanakkor fokozottan kell \u00fcgyelni arra, hogy a megk\u00f6t\u00f6tt meg\u00e1llapod\u00e1sok ne \u00fctk\u00f6zzenek a versenyjog \u00e1ltal el\u0151\u00edrt kartelltilalomba. A hazai \u00e9s az uni\u00f3s szab\u00e1lyok alapj\u00e1n ugyanis tiltott versenykorl\u00e1toz\u00e1snak min\u0151s\u00fcl minden olyan, egym\u00e1st\u00f3l f\u00fcggetlen v\u00e1llalkoz\u00e1sok k\u00f6z\u00f6tti meg\u00e1llapod\u00e1st amely a gazdas\u00e1gi verseny megakad\u00e1lyoz\u00e1s\u00e1t, korl\u00e1toz\u00e1s\u00e1t vagy torz\u00edt\u00e1s\u00e1t c\u00e9lozza. A szankcion\u00e1lt magatart\u00e1sok k\u00f6z\u00fcl p\u00e9ld\u00e1l\u00f3z\u00f3 jelleggel az al\u00e1bbiakat emelhetj\u00fck ki:<\/p>\n<ul>\n<li>a forgalmaz\u00e1s korl\u00e1toz\u00e1sa vagy ellen\u0151rz\u00e9s alatt tart\u00e1sa,<\/li>\n<li>a v\u00e9teli vagy az elad\u00e1si \u00e1rak, valamint az egy\u00e9b \u00fczleti felt\u00e9telek k\u00f6zvetlen vagy k\u00f6zvetett meghat\u00e1roz\u00e1sa,<\/li>\n<li>a piac feloszt\u00e1sa, \u00e9s az \u00e9rt\u00e9kes\u00edt\u00e9sb\u0151l val\u00f3 kiz\u00e1r\u00e1s.<\/li>\n<\/ul>\n<p>Jogs\u00e9rt\u0151 magatart\u00e1s meg\u00e1llap\u00edt\u00e1sa eset\u00e9n a GVH az \u00e9rintett v\u00e1llalkoz\u00e1s, illetve v\u00e1llalkoz\u00e1scsoport megel\u0151z\u0151 \u00fczleti \u00e9vben el\u00e9rt nett\u00f3 \u00e1rbev\u00e9tel\u00e9nek t\u00edz sz\u00e1zal\u00e9k\u00e1ig terjed\u0151 b\u00edrs\u00e1got alkalmazhat. Azonban nemcsak a szankci\u00f3, de m\u00e1r maga a versenyfel\u00fcgyeleti elj\u00e1r\u00e1s lehet\u0151s\u00e9ge is komoly kock\u00e1zatot jelent, hiszen a t\u00e9ny\u00e1ll\u00e1s tiszt\u00e1z\u00e1sa \u00e9rdek\u00e9ben a GVH vizsg\u00e1l\u00f3i bizony\u00edt\u00e1si eszk\u00f6z\u00f6k felkutat\u00e1sa c\u00e9lj\u00e1b\u00f3l jogosultak az \u00e9rintett c\u00e9g \u2013 valamint vezet\u0151inek \u00e9s alkalmazottainak \u2013 ingatlanait, j\u00e1rm\u0171veit, adathordoz\u00f3it \u00e1tkutatni, lefoglalni. A gyakorlatban ez jellemz\u0151en v\u00e1ratlanul, a reggeli \u00f3r\u00e1kban, egyszerre t\u00f6bb helysz\u00ednen nagy sz\u00e1m\u00fa vizsg\u00e1l\u00f3 r\u00e9szv\u00e9tel\u00e9vel t\u00f6rt\u00e9n\u0151 hajnali rajta\u00fct\u00e9st (&#8222;dawn raid&#8221;) jelent.<\/p>\n<p>Szerencs\u00e9re nem minden forgalmaz\u00e1si rendszert ki\u00e9p\u00edt\u0151 meg\u00e1llapod\u00e1s sz\u00e1m\u00edt t\u00f6rv\u00e9nyellenesnek. A disztrib\u00faci\u00f3s szerz\u0151d\u00e9sek az al\u00e1bbi h\u00e1rom esetben mentes\u00fclhetnek a kartelltilalom al\u00f3l:<\/p>\n<ol>\n<li>ha csek\u00e9ly jelent\u0151s\u00e9g\u0171 meg\u00e1llapod\u00e1snak min\u0151s\u00fclnek, vagyis a felek egy\u00fcttes piaci r\u00e9szesed\u00e9se nem \u00e9ri el a 10%-ot (az egy\u00e9b t\u00f6rv\u00e9nyi felt\u00e9telek fenn\u00e1ll\u00e1sa eset\u00e9n!);<\/li>\n<li>az \u00fan. vertik\u00e1lis csoportmentes\u00edt\u0151 korm\u00e1nyrendelet alapj\u00e1n, ha az \u00e9rintett piacon sem a sz\u00e1ll\u00edt\u00f3, sem a forgalmaz\u00f3 piaci r\u00e9szesed\u00e9se nem haladja meg a 30%-ot, b\u00e1r bizonyos fajta kik\u00f6t\u00e9sek (pl.<br \/>\nviszontelad\u00f3i \u00e1r r\u00f6gz\u00edt\u00e9se, passz\u00edv \u00e9rt\u00e9kes\u00edt\u00e9sek megtilt\u00e1sa) ebben az esetben is tilosak; illetve<\/li>\n<li>egy\u00e9ni mentes\u00edt\u00e9s alapj\u00e1n: ha b\u00e1rmelyik f\u00e9l piaci r\u00e9szesed\u00e9se meghaladja a 30%-ot, akkor a Gazdas\u00e1gi Versenyhivatal megvizsg\u00e1lja, hogy a disztrib\u00faci\u00f3s rendszer milyen el\u0151ny\u00f6kkel j\u00e1r, \u00e9s ez mennyiben ellens\u00falyozza a verseny korl\u00e1toz\u00e1s\u00e1val j\u00e1r\u00f3 h\u00e1tr\u00e1nyokat.<\/li>\n<\/ol>\n<p>A viszontelad\u00f3i \u00e1rra vonatkoz\u00f3 kik\u00f6t\u00e9sek jogszer\u0171s\u00e9ge k\u00fcl\u00f6n elemz\u00e9st ig\u00e9nyel. Jelent\u0151s egyszer\u0171s\u00edt\u00e9ssel annyit mondhatunk, hogy meg kell vizsg\u00e1lni, hogy maxim\u00e1lis vagy aj\u00e1nlott \u00e1rr\u00f3l van-e sz\u00f3, mivel ezek nem felt\u00e9tlen\u00fcl akad\u00e1lyozz\u00e1k a konkurens forgalmaz\u00f3k k\u00f6z\u00f6tti \u00e1rverseny kialakul\u00e1s\u00e1t. R\u00f6gz\u00edtett vagy minim\u00e1lis \u00e1r kik\u00f6t\u00e9se ugyanakkor s\u00falyos versenykorl\u00e1toz\u00e1st val\u00f3s\u00edthat meg, ami m\u00e9g akkor is szankci\u00f3t von maga ut\u00e1n, ha a felek formailag maxim\u00e1lis vagy aj\u00e1nlott \u00e1rat \u00e1llap\u00edtottak meg, azonban ez a gyakorlatban r\u00f6gz\u00edtett vagy minim\u00e1lis \u00e1rk\u00e9nt m\u0171k\u00f6dik.<\/p>\n<p>V\u00e9g\u00fcl egyre gyakoribb k\u00e9rd\u00e9sk\u00e9nt vet\u0151dik fel, hogy a sz\u00e1ll\u00edt\u00f3 megtilthatja-e a disztrib\u00fator sz\u00e1m\u00e1ra az internetes elad\u00e1s bizonyos form\u00e1it. Az uni\u00f3s b\u00edr\u00f3s\u00e1gi esetek egy\u00e9rtelm\u0171en az online \u00e9rt\u00e9kes\u00edt\u00e9s tilalma ellen foglalnak \u00e1ll\u00e1st. Ezt a k\u00e9pet \u00e1rnyalja az Eur\u00f3pai Bizotts\u00e1g ir\u00e1nymutat\u00e1sa, mely a m\u00e1s forgalmaz\u00f3 ter\u00fclet\u00e9n folytatott \u00fan. akt\u00edv \u00e9rt\u00e9kes\u00edt\u00e9st (pl. k\u00e9retlen lev\u00e9l form\u00e1j\u00e1ban) kiz\u00e1rhat\u00f3nak tartja, ugyanakkor jogs\u00e9rt\u0151 versenykorl\u00e1toz\u00e1snak min\u0151s\u00edti a passz\u00edv \u00e9rt\u00e9kes\u00edt\u00e9s (pl. ha az \u00fcgyf\u00e9l keresi fel a m\u00e1s ter\u00fcleten m\u0171k\u00f6d\u0151 disztrib\u00fator honlapj\u00e1t) megtilt\u00e1s\u00e1t.<\/p>\n<p>* * *<\/p>\n<p><em>Honlapunk eml\u00edt\u00e9s szintj\u00e9n dolgoz fel a v\u00e1llalkoz\u00e1sok \u00e9s mag\u00e1nszem\u00e9lyek vagyoni viszonyait \u00e9rint\u0151 jogi k\u00e9rd\u00e9seket. Az itt k\u00f6zz\u00e9tett tartalom az \u00e1ltal\u00e1nos t\u00e1j\u00e9koztat\u00e1s c\u00e9lj\u00e1ra korl\u00e1toz\u00f3dik, ugyanakkor nem min\u0151s\u00fcl sem <\/em><em>aj\u00e1nlatt\u00e9telnek, sem<\/em> <em>\u00fcgyv\u00e9di megb\u00edz\u00e1s alapj\u00e1n ny\u00fajtott tan\u00e1csad\u00e1snak<em> vagy m\u00e1s <\/em>szolg\u00e1ltat\u00e1snak. A jogszab\u00e1lyok id\u0151k\u00f6zbeni v\u00e1ltoz\u00e1sa miatt az is elk\u00e9pzelhet\u0151, hogy egyes bejegyz\u00e9sek tartalma m\u00e1r nem felel meg a hat\u00e1lyos jognak. Forduljon hozz\u00e1nk bizalommal, ha a szakter\u00fcleteinkhez tartoz\u00f3 b\u00e1rmely t\u00e9m\u00e1val kapcsolatban k\u00e9rd\u00e9se mer\u00fclne fel vagy r\u00e9szletes t\u00e1j\u00e9koztat\u00e1sra lenne sz\u00fcks\u00e9ge.<\/em><\/p>\n","protected":false},"excerpt":{"rendered":"<p>A vil\u00e1gkereskedelem \u00e1rbev\u00e9tel\u00e9nek jelent\u0151s r\u00e9sze k\u00f6zvet\u00edt\u0151i t\u00edpus\u00fa szerz\u0151d\u00e9sekb\u0151l (forgalmaz\u00e1si szerz\u0151d\u00e9s, kereskedelmi \u00fcgyn\u00f6ki szerz\u0151d\u00e9s, bizom\u00e1nyi szerz\u0151d\u00e9s stb.) sz\u00e1rmazik. Ezek k\u00f6z\u00fcl a forgalmaz\u00e1si (disztrib\u00faci\u00f3s) szerz\u0151d\u00e9s el\u0151k\u00e9sz\u00edt\u00e9se ig\u00e9nyli a legnagyobb k\u00f6r\u00fcltekint\u00e9st. Ez a szerz\u0151d\u00e9st\u00edpus a sz\u00e1ll\u00edt\u00f3 (gy\u00e1rt\u00f3) \u00e9s egy vagy t\u00f6bb forgalmaz\u00f3 (disztrib\u00fator) k\u00f6z\u00f6tt szab\u00e1lyozza \u00e1ruk \u00e9s szolg\u00e1ltat\u00e1sok k\u00f6zvet\u00edt\u00e9s\u00e9t. A szerz\u0151d\u00e9sk\u00f6t\u00e9s indoka, hogy ennek r\u00e9v\u00e9n a jellemz\u0151en multinacion\u00e1lis<span class=\"excerpt-more\"> [&#8230;]<\/span><\/p>\n","protected":false},"author":2,"featured_media":0,"comment_status":"open","ping_status":"open","sticky":false,"template":"","format":"standard","meta":[],"categories":[28,51],"tags":[55,52,54,53],"translation":{"provider":"WPGlobus","version":"3.0.0","language":"hu","enabled_languages":["en","hu"],"languages":{"en":{"title":true,"content":true,"excerpt":false},"hu":{"title":false,"content":false,"excerpt":false}}},"_links":{"self":[{"href":"http:\/\/drsobor.hu\/hu\/wp-json\/wp\/v2\/posts\/1321"}],"collection":[{"href":"http:\/\/drsobor.hu\/hu\/wp-json\/wp\/v2\/posts"}],"about":[{"href":"http:\/\/drsobor.hu\/hu\/wp-json\/wp\/v2\/types\/post"}],"author":[{"embeddable":true,"href":"http:\/\/drsobor.hu\/hu\/wp-json\/wp\/v2\/users\/2"}],"replies":[{"embeddable":true,"href":"http:\/\/drsobor.hu\/hu\/wp-json\/wp\/v2\/comments?post=1321"}],"version-history":[{"count":3,"href":"http:\/\/drsobor.hu\/hu\/wp-json\/wp\/v2\/posts\/1321\/revisions"}],"predecessor-version":[{"id":1343,"href":"http:\/\/drsobor.hu\/hu\/wp-json\/wp\/v2\/posts\/1321\/revisions\/1343"}],"wp:attachment":[{"href":"http:\/\/drsobor.hu\/hu\/wp-json\/wp\/v2\/media?parent=1321"}],"wp:term":[{"taxonomy":"category","embeddable":true,"href":"http:\/\/drsobor.hu\/hu\/wp-json\/wp\/v2\/categories?post=1321"},{"taxonomy":"post_tag","embeddable":true,"href":"http:\/\/drsobor.hu\/hu\/wp-json\/wp\/v2\/tags?post=1321"}],"curies":[{"name":"wp","href":"https:\/\/api.w.org\/{rel}","templated":true}]}}