{"id":1409,"date":"2020-03-30T17:11:08","date_gmt":"2020-03-30T17:11:08","guid":{"rendered":"http:\/\/drsobor.hu\/?p=1409"},"modified":"2021-01-18T19:09:15","modified_gmt":"2021-01-18T19:09:15","slug":"letoltheto-nyilatkozat-mintak","status":"publish","type":"post","link":"http:\/\/drsobor.hu\/hu\/letoltheto-nyilatkozat-mintak\/","title":{"rendered":"Let\u00f6lthet\u0151 nyilatkozat mint\u00e1k"},"content":{"rendered":"<p>\u00dcgyfeleink k\u00e9r\u00e9s\u00e9re \u00edrtunk egy-egy nyomtatv\u00e1ny mint\u00e1t, mely rem\u00e9nyeink szerint a holnap \u00e9letbe l\u00e9p\u0151 kij\u00e1r\u00e1si korl\u00e1toz\u00e1s alatt megk\u00f6nny\u00edti az alkalmazottak, illetve megb\u00edzottak munk\u00e1ba j\u00e1r\u00e1s\u00e1t:<br \/>\n&#8211; egyet munkav\u00e1llal\u00f3 r\u00e9sz\u00e9re,<br \/>\n&#8211; egyet pedig megb\u00edzott\/v\u00e1llalkoz\u00f3 teljes\u00edt\u00e9s\u00e9hez.<\/p>\n<p>\u00c9rdemes el\u0151\u00edrni a munkav\u00e1llal\u00f3knak, hogy a nyomtatv\u00e1ny mellett a munkaszerz\u0151d\u00e9s\u00fcket \u00e9s\/vagy a munkak\u00f6ri le\u00edr\u00e1sukat is tarts\u00e1k magukn\u00e1l. <\/p>\n<p>Term\u00e9szetesen a jelen pillanatban nem l\u00e1thatjuk el\u0151re az \u00faj korm\u00e1nyrendelethez kapcsol\u00f3d\u00f3 jogalkalmaz\u00f3i gyakorlatot, de b\u00edzunk benne, hogy ezek a nyomtatv\u00e1nyok alkalmasak lesz a szab\u00e1lys\u00e9rt\u00e9si b\u00edrs\u00e1gok \u00e9s el\u0151\u00e1ll\u00edt\u00e1sok elker\u00fcl\u00e9s\u00e9re.<\/p>\n<p><a href=\"http:\/\/drsobor.hu\/wp-content\/uploads\/2020\/03\/Nyilatkozat-megb\u00edzott-v.-v\u00e1llalkoz\u00f3-teljes\u00edt\u00e9s\u00e9hez-71-2020-Korm.-r.docx\">Nyilatkozat megb\u00edzott vagy v\u00e1llalkoz\u00f3 teljes\u00edt\u00e9s\u00e9hez<\/a><br \/>\n<a href=\"http:\/\/drsobor.hu\/wp-content\/uploads\/2020\/03\/Nyilatkozat-munk\u00e1ba-j\u00e1r\u00e1shoz-71-2020-Korm.-r.docx\">Nyilatkozat munk\u00e1ba j\u00e1r\u00e1shoz<\/a><\/p>\n","protected":false},"excerpt":{"rendered":"<p>\u00dcgyfeleink k\u00e9r\u00e9s\u00e9re \u00edrtunk egy-egy nyomtatv\u00e1ny mint\u00e1t, mely rem\u00e9nyeink szerint a holnap \u00e9letbe l\u00e9p\u0151 kij\u00e1r\u00e1si korl\u00e1toz\u00e1s alatt megk\u00f6nny\u00edti az alkalmazottak, illetve megb\u00edzottak munk\u00e1ba j\u00e1r\u00e1s\u00e1t: &#8211; egyet munkav\u00e1llal\u00f3 r\u00e9sz\u00e9re, &#8211; egyet pedig megb\u00edzott\/v\u00e1llalkoz\u00f3 teljes\u00edt\u00e9s\u00e9hez. \u00c9rdemes el\u0151\u00edrni a munkav\u00e1llal\u00f3knak, hogy a nyomtatv\u00e1ny mellett a munkaszerz\u0151d\u00e9s\u00fcket \u00e9s\/vagy a munkak\u00f6ri le\u00edr\u00e1sukat is tarts\u00e1k magukn\u00e1l. Term\u00e9szetesen a jelen pillanatban nem l\u00e1thatjuk<span class=\"excerpt-more\"> [&#8230;]<\/span><\/p>\n","protected":false},"author":2,"featured_media":0,"comment_status":"open","ping_status":"open","sticky":false,"template":"","format":"standard","meta":[],"categories":[1],"tags":[],"translation":{"provider":"WPGlobus","version":"3.0.0","language":"hu","enabled_languages":["en","hu"],"languages":{"en":{"title":true,"content":true,"excerpt":false},"hu":{"title":false,"content":false,"excerpt":false}}},"_links":{"self":[{"href":"http:\/\/drsobor.hu\/hu\/wp-json\/wp\/v2\/posts\/1409"}],"collection":[{"href":"http:\/\/drsobor.hu\/hu\/wp-json\/wp\/v2\/posts"}],"about":[{"href":"http:\/\/drsobor.hu\/hu\/wp-json\/wp\/v2\/types\/post"}],"author":[{"embeddable":true,"href":"http:\/\/drsobor.hu\/hu\/wp-json\/wp\/v2\/users\/2"}],"replies":[{"embeddable":true,"href":"http:\/\/drsobor.hu\/hu\/wp-json\/wp\/v2\/comments?post=1409"}],"version-history":[{"count":3,"href":"http:\/\/drsobor.hu\/hu\/wp-json\/wp\/v2\/posts\/1409\/revisions"}],"predecessor-version":[{"id":1413,"href":"http:\/\/drsobor.hu\/hu\/wp-json\/wp\/v2\/posts\/1409\/revisions\/1413"}],"wp:attachment":[{"href":"http:\/\/drsobor.hu\/hu\/wp-json\/wp\/v2\/media?parent=1409"}],"wp:term":[{"taxonomy":"category","embeddable":true,"href":"http:\/\/drsobor.hu\/hu\/wp-json\/wp\/v2\/categories?post=1409"},{"taxonomy":"post_tag","embeddable":true,"href":"http:\/\/drsobor.hu\/hu\/wp-json\/wp\/v2\/tags?post=1409"}],"curies":[{"name":"wp","href":"https:\/\/api.w.org\/{rel}","templated":true}]}}